{"id":746,"date":"2024-08-04T12:42:27","date_gmt":"2024-08-04T12:42:27","guid":{"rendered":"https:\/\/humboldt-grundschule-erfurt.de\/?p=746"},"modified":"2024-08-04T12:42:27","modified_gmt":"2024-08-04T12:42:27","slug":"unsere-schuleinfuehrungsfeier-eroeffnet-feierlich-das-schuljahr-2024-25","status":"publish","type":"post","link":"https:\/\/humboldt-grundschule-erfurt.de\/index.php\/2024\/08\/04\/unsere-schuleinfuehrungsfeier-eroeffnet-feierlich-das-schuljahr-2024-25\/","title":{"rendered":"Unsere Schuleinf\u00fchrungsfeier er\u00f6ffnet feierlich das Schuljahr 2024\/25"},"content":{"rendered":"\n<p>Am Samstag, den 03.08.2024, um 10 Uhr haben wir unsere Schuleinf\u00fchrungsfeier im Veranstaltungssaal des Hauses der sozialen Dienste gefeiert. Es war ein besonderer Tag f\u00fcr die 42 neuen Sch\u00fclerinnen und Sch\u00fcler sowie ihre Familien und markiert den Beginn eines aufregenden neuen Kapitels im Leben der Kinder.<\/p>\n\n\n\n<p>Die Feier wurde von unseren talentierten Chor- und Tanzkindern unter der Leitung von Frau Hintzsche und Frau Ksionek ausgestaltet. Sie haben mit den f\u00fcnf Lernhausliedern die neuen Sch\u00fclerinnen und Sch\u00fcler begr\u00fc\u00dft und feierlich in unsere Lernh\u00e4user Feuer, Wasser, Erde, Luft und Leben aufgenommen. Zudem haben sie zwei moderne T\u00e4nze aufgef\u00fchrt, die das Publikum begeistert haben. Die strahlenden Gesichter unserer neuen Erstkl\u00e4ssler und das begeisterte Klatschen der G\u00e4ste zeigten, wie sehr sich alle auf den Schulstart freuen.<\/p>\n\n\n\n<p>Ein besonders herzlicher Moment war die \u00dcberreichung der Schult\u00fcten. Diese wurden von den Lernhausp\u00e4dagoginnen und -p\u00e4dagogen pers\u00f6nlich auf der B\u00fchne \u00fcbergeben, was den Anlass noch feierlicher machte. Einige der Zuckert\u00fcten waren so gro\u00df, dass sie fast gr\u00f6\u00dfer waren als die kleinen ABC-Sch\u00fctzen selbst. Die Kinder trugen ihre T\u00fcten stolz und freuten sich \u00fcber den Inhalt.<\/p>\n\n\n\n<p>Wir k\u00f6nnen nicht genau sagen, wie die Familien den restlichen Tag verbracht haben, aber wir nehmen an, dass sie den besonderen Anlass im Kreis ihrer Liebsten gefeiert und den Tag gemeinsam genossen haben.<\/p>\n\n\n\n<p>Wir sind stolz darauf, diesen wichtigen Schritt f\u00fcr die neuen Sch\u00fclerinnen und Sch\u00fcler begleitet zu haben und freuen uns bereits auf das kommende Schuljahr. Mit gro\u00dfer Vorfreude blicken wir auf die vielen gemeinsamen Erlebnisse, die uns erwarten, und hei\u00dfen alle neuen Mitglieder unserer Schulgemeinschaft herzlich willkommen.<\/p>\n\n\n\n<p>Herzlich Willkommen im neuen Schuljahr 2024\/2025!<\/p>\n\n\n\n<p>Es gr\u00fc\u00dft Sie herzlich<\/p>\n\n\n\n<p>M. K\u00f6pke<\/p>\n\n\n\n<p>Schulleiterin<\/p>\n\n\n\n<p><\/p>\n","protected":false},"excerpt":{"rendered":"<p>Am Samstag, den 03.08.2024, um 10 Uhr haben wir unsere Schuleinf\u00fchrungsfeier im Veranstaltungssaal des Hauses der sozialen Dienste gefeiert. Es &hellip; <\/p>\n","protected":false},"author":1,"featured_media":0,"comment_status":"open","ping_status":"closed","sticky":false,"template":"","format":"standard","meta":{"footnotes":""},"categories":[1],"tags":[],"class_list":["post-746","post","type-post","status-publish","format-standard","hentry","category-uncategorized"],"_links":{"self":[{"href":"https:\/\/humboldt-grundschule-erfurt.de\/index.php\/wp-json\/wp\/v2\/posts\/746","targetHints":{"allow":["GET"]}}],"collection":[{"href":"https:\/\/humboldt-grundschule-erfurt.de\/index.php\/wp-json\/wp\/v2\/posts"}],"about":[{"href":"https:\/\/humboldt-grundschule-erfurt.de\/index.php\/wp-json\/wp\/v2\/types\/post"}],"author":[{"embeddable":true,"href":"https:\/\/humboldt-grundschule-erfurt.de\/index.php\/wp-json\/wp\/v2\/users\/1"}],"replies":[{"embeddable":true,"href":"https:\/\/humboldt-grundschule-erfurt.de\/index.php\/wp-json\/wp\/v2\/comments?post=746"}],"version-history":[{"count":1,"href":"https:\/\/humboldt-grundschule-erfurt.de\/index.php\/wp-json\/wp\/v2\/posts\/746\/revisions"}],"predecessor-version":[{"id":747,"href":"https:\/\/humboldt-grundschule-erfurt.de\/index.php\/wp-json\/wp\/v2\/posts\/746\/revisions\/747"}],"wp:attachment":[{"href":"https:\/\/humboldt-grundschule-erfurt.de\/index.php\/wp-json\/wp\/v2\/media?parent=746"}],"wp:term":[{"taxonomy":"category","embeddable":true,"href":"https:\/\/humboldt-grundschule-erfurt.de\/index.php\/wp-json\/wp\/v2\/categories?post=746"},{"taxonomy":"post_tag","embeddable":true,"href":"https:\/\/humboldt-grundschule-erfurt.de\/index.php\/wp-json\/wp\/v2\/tags?post=746"}],"curies":[{"name":"wp","href":"https:\/\/api.w.org\/{rel}","templated":true}]}}