{"id":806,"date":"2024-10-22T14:50:57","date_gmt":"2024-10-22T14:50:57","guid":{"rendered":"https:\/\/humboldt-grundschule-erfurt.de\/?p=806"},"modified":"2024-10-22T14:50:57","modified_gmt":"2024-10-22T14:50:57","slug":"pressemitteilung-foerderverein","status":"publish","type":"post","link":"https:\/\/humboldt-grundschule-erfurt.de\/index.php\/2024\/10\/22\/pressemitteilung-foerderverein\/","title":{"rendered":"Pressemitteilung F\u00f6rderverein"},"content":{"rendered":"\n<p><strong>Erfurt, 26. September 2024<\/strong> \u2013 Der Verein zur F\u00f6rderung der Staatlichen Grundschule 9, Humboldt-Schule e.V. hat am 25. September 2024 seine ordentliche Mitgliederversammlung in den R\u00e4umlichkeiten der Schule unter der Leitung des Vorsitzenden Alexander Rasch abgehalten.<\/p>\n\n\n\n<p>Nach der Begr\u00fc\u00dfung der anwesenden Mitglieder wurde die ordnungsgem\u00e4\u00dfe Einberufung sowie die Beschlussf\u00e4higkeit der Versammlung festgestellt.<\/p>\n\n\n\n<h2 class=\"wp-block-heading\">Jahresbericht und Kassenlage<\/h2>\n\n\n\n<p>Der Vorstand berichtete \u00fcber das erfolgreich abgeschlossene Projekt \u201eSchulhoftr\u00e4ume\u201c und betonte, dass m\u00f6gliche Folgeprojekte in Planung sind. Zudem wurde ein positiver Trend bei den Mitgliederzahlen verzeichnet. Der Kassenwart informierte die Anwesenden \u00fcber die finanzielle Lage des Vereins, jedoch musste die Entlastung des Vorstands aufgrund noch ausstehender Kontoausz\u00fcge verschoben werden.<\/p>\n\n\n\n<h2 class=\"wp-block-heading\">Neuwahlen des Vorstands<\/h2>\n\n\n\n<p>In einem ordnungsgem\u00e4\u00dfen Wahlverfahren wurden folgende Personen in den Vorstand gew\u00e4hlt:<\/p>\n\n\n\n<p>Vorsitzender: Kevin Kinner<\/p>\n\n\n\n<p>Stellvertretender Vorsitzender: Tim Liehr<\/p>\n\n\n\n<p>Schatzmeister: J\u00fcrgen Zerull<\/p>\n\n\n\n<p>Schriftf\u00fchrer: Alexander Rasch<\/p>\n\n\n\n<p>Alle Gew\u00e4hlten nahmen ihre Wahl an.<\/p>\n\n\n\n<h2 class=\"wp-block-heading\">Projekte und Initiativen<\/h2>\n\n\n\n<p>Im Anschluss stellte der Vorstand das Projekt \u201eGooding\u201c vor, das potenzielle M\u00f6glichkeiten zur Vereinsunterst\u00fctzung bietet. Weitere Informationen und Entscheidungen werden in der n\u00e4chsten Versammlung getroffen. Das Projekt \u201eKronkorken\u201c wurde ebenfalls besprochen, jedoch wurde entschieden, dass dieses nicht an der Schule umgesetzt wird, sondern nur privat initiiert werden kann.<\/p>\n\n\n\n<h2 class=\"wp-block-heading\">Dank an den bisherigen Vorstand<\/h2>\n\n\n\n<p>Der Verein dankte dem bisherigen Vorstand herzlich f\u00fcr sein gro\u00dfes Engagement und die erfolgreiche Arbeit in den vergangenen Jahren. Besonders das abgeschlossene Projekt \u201eSchulhoftr\u00e4ume\u201c wurde als gro\u00dfer Erfolg gew\u00fcrdigt, der die Entwicklung der Schule und das Wohl der Kinder ma\u00dfgeblich vorangetrieben hat. Der neue Vorstand freut sich darauf, diese Erfolge weiterzuf\u00fchren und neue Impulse f\u00fcr den Verein zu setzen.<\/p>\n","protected":false},"excerpt":{"rendered":"<p>Erfurt, 26. September 2024 \u2013 Der Verein zur F\u00f6rderung der Staatlichen Grundschule 9, Humboldt-Schule e.V. hat am 25. September 2024 &hellip; <\/p>\n","protected":false},"author":1,"featured_media":0,"comment_status":"open","ping_status":"closed","sticky":false,"template":"","format":"standard","meta":{"footnotes":""},"categories":[1],"tags":[],"class_list":["post-806","post","type-post","status-publish","format-standard","hentry","category-uncategorized"],"_links":{"self":[{"href":"https:\/\/humboldt-grundschule-erfurt.de\/index.php\/wp-json\/wp\/v2\/posts\/806","targetHints":{"allow":["GET"]}}],"collection":[{"href":"https:\/\/humboldt-grundschule-erfurt.de\/index.php\/wp-json\/wp\/v2\/posts"}],"about":[{"href":"https:\/\/humboldt-grundschule-erfurt.de\/index.php\/wp-json\/wp\/v2\/types\/post"}],"author":[{"embeddable":true,"href":"https:\/\/humboldt-grundschule-erfurt.de\/index.php\/wp-json\/wp\/v2\/users\/1"}],"replies":[{"embeddable":true,"href":"https:\/\/humboldt-grundschule-erfurt.de\/index.php\/wp-json\/wp\/v2\/comments?post=806"}],"version-history":[{"count":1,"href":"https:\/\/humboldt-grundschule-erfurt.de\/index.php\/wp-json\/wp\/v2\/posts\/806\/revisions"}],"predecessor-version":[{"id":807,"href":"https:\/\/humboldt-grundschule-erfurt.de\/index.php\/wp-json\/wp\/v2\/posts\/806\/revisions\/807"}],"wp:attachment":[{"href":"https:\/\/humboldt-grundschule-erfurt.de\/index.php\/wp-json\/wp\/v2\/media?parent=806"}],"wp:term":[{"taxonomy":"category","embeddable":true,"href":"https:\/\/humboldt-grundschule-erfurt.de\/index.php\/wp-json\/wp\/v2\/categories?post=806"},{"taxonomy":"post_tag","embeddable":true,"href":"https:\/\/humboldt-grundschule-erfurt.de\/index.php\/wp-json\/wp\/v2\/tags?post=806"}],"curies":[{"name":"wp","href":"https:\/\/api.w.org\/{rel}","templated":true}]}}